{"id":139,"date":"2019-01-21T07:50:46","date_gmt":"2019-01-21T06:50:46","guid":{"rendered":"http:\/\/bdv-rheinland-pfalz.de\/?p=139"},"modified":"2019-04-16T07:51:29","modified_gmt":"2019-04-16T05:51:29","slug":"bdv-rheinland-pfalz-kooperiert-mit-landeszentrale-fuer-politische-bildun","status":"publish","type":"post","link":"http:\/\/bdv-rheinland-pfalz.de\/?p=139","title":{"rendered":"BdV Rheinland-Pfalz kooperiert mit Landeszentrale f\u00fcr Politische Bildun"},"content":{"rendered":"\n<p>Bei einem Besuch des Landesvorstands des Bundes der Vertriebenen Rheinland-Pfalz in der Mainzer Landeszentrale f\u00fcr Politische Bildung haben beide Seiten eine st\u00e4rkere Kooperation f\u00fcr die Zukunft vereinbart.<\/p>\n\n\n\n<p>Man plane gemeinsame Ausstellungen und Publikationen, die die Anliegen des Bundes der Vertriebenen st\u00e4rker in den Fokus der Arbeit in der politischen Bildung nehmen, so BdV-Landesvorsitzender Tobias Meyer (Ha\u00dfloch\/Pfalz). \u201eGanz konkret m\u00f6chten wir damit einerseits an das Schicksal der Heimatvertriebenen vor und nach 1945 erinnern, andererseits aber auch die Sp\u00e4taussiedlerthematik aufgreifen, um f\u00fcr Verst\u00e4ndnis, Frieden und ein gemeinsames Europa zu werben. Aufgrund ihrer Geschichte kommt den Heimatvertriebenen und Sp\u00e4taussiedler eine besondere Verantwortung f\u00fcr unsere freiheitlich-demokratische Grundordnung zu.\u201c<\/p>\n\n\n\n<p>In den kommenden Wochen sollen geeignete Formate der Zusammenarbeit gefunden und zeitnah umgesetzt werden. \u201eAls wichtiger Verband, der etwa zehn Prozent der Gesamtbev\u00f6lkerung in Rheinland-Pfalz repr\u00e4sentiert, m\u00f6chten wir unserer Aufgabe gerecht werden und uns an der politischen Willensbildung beteiligen. Wir freuen uns auf die gemeinsamen Projekte.\u201c<\/p>\n\n\n\n<figure class=\"wp-block-image\"><img loading=\"lazy\" width=\"1024\" height=\"768\" src=\"http:\/\/bdv-rheinland-pfalz.de\/wp-content\/uploads\/2019\/04\/Landesverband-Bund-der-Vertriebenen-I-1024x768.jpg\" alt=\"\" class=\"wp-image-140\" srcset=\"http:\/\/bdv-rheinland-pfalz.de\/wp-content\/uploads\/2019\/04\/Landesverband-Bund-der-Vertriebenen-I-1024x768.jpg 1024w, http:\/\/bdv-rheinland-pfalz.de\/wp-content\/uploads\/2019\/04\/Landesverband-Bund-der-Vertriebenen-I-300x225.jpg 300w, http:\/\/bdv-rheinland-pfalz.de\/wp-content\/uploads\/2019\/04\/Landesverband-Bund-der-Vertriebenen-I-768x576.jpg 768w, http:\/\/bdv-rheinland-pfalz.de\/wp-content\/uploads\/2019\/04\/Landesverband-Bund-der-Vertriebenen-I.jpg 1200w\" sizes=\"(max-width: 1024px) 100vw, 1024px\" \/><\/figure>\n\n\n\n<p>Bild I: v.l.n.r. Bernhard Kukatzki (Direktor der Landeszentrale), Nikolaus Poppitz (Stellvertretender Landesvorsitzender BdV), Marianne Rohde (stellvertretende Direktorin der Landeszentrale), Georg Schmal (Beisitzer im BdV-Landesvorstand), Tobias Meyer (Landesvorsitzender des BdV)<\/p>\n\n\n\n<figure class=\"wp-block-image\"><img loading=\"lazy\" width=\"1024\" height=\"768\" src=\"http:\/\/bdv-rheinland-pfalz.de\/wp-content\/uploads\/2019\/04\/Landesverband-Bund-der-Vertriebenen-II-1024x768.jpg\" alt=\"\" class=\"wp-image-141\" srcset=\"http:\/\/bdv-rheinland-pfalz.de\/wp-content\/uploads\/2019\/04\/Landesverband-Bund-der-Vertriebenen-II-1024x768.jpg 1024w, http:\/\/bdv-rheinland-pfalz.de\/wp-content\/uploads\/2019\/04\/Landesverband-Bund-der-Vertriebenen-II-300x225.jpg 300w, http:\/\/bdv-rheinland-pfalz.de\/wp-content\/uploads\/2019\/04\/Landesverband-Bund-der-Vertriebenen-II-768x576.jpg 768w, http:\/\/bdv-rheinland-pfalz.de\/wp-content\/uploads\/2019\/04\/Landesverband-Bund-der-Vertriebenen-II.jpg 1200w\" sizes=\"(max-width: 1024px) 100vw, 1024px\" \/><\/figure>\n\n\n\n<p>Bild II: Das Direktorium der Landeszentrale und Vertreter des BdV-Landesvorstands planen gemeinsame Aktivit\u00e4ten.<\/p>\n","protected":false},"excerpt":{"rendered":"<p>Bei einem Besuch des Landesvorstands des Bundes der Vertriebenen Rheinland-Pfalz in der Mainzer Landeszentrale f\u00fcr Politische Bildung haben beide Seiten eine st\u00e4rkere Kooperation f\u00fcr die Zukunft vereinbart. Man plane gemeinsame Ausstellungen und Publikationen, die die Anliegen des Bundes der Vertriebenen st\u00e4rker in den Fokus der Arbeit in der politischen Bildung nehmen, so BdV-Landesvorsitzender Tobias Meyer &hellip; <a href=\"http:\/\/bdv-rheinland-pfalz.de\/?p=139\">Weiterlesen <span class=\"meta-nav\">&rarr;<\/span><\/a><\/p>\n","protected":false},"author":1,"featured_media":0,"comment_status":"open","ping_status":"open","sticky":false,"template":"","format":"standard","meta":[],"categories":[1],"tags":[],"_links":{"self":[{"href":"http:\/\/bdv-rheinland-pfalz.de\/index.php?rest_route=\/wp\/v2\/posts\/139"}],"collection":[{"href":"http:\/\/bdv-rheinland-pfalz.de\/index.php?rest_route=\/wp\/v2\/posts"}],"about":[{"href":"http:\/\/bdv-rheinland-pfalz.de\/index.php?rest_route=\/wp\/v2\/types\/post"}],"author":[{"embeddable":true,"href":"http:\/\/bdv-rheinland-pfalz.de\/index.php?rest_route=\/wp\/v2\/users\/1"}],"replies":[{"embeddable":true,"href":"http:\/\/bdv-rheinland-pfalz.de\/index.php?rest_route=%2Fwp%2Fv2%2Fcomments&post=139"}],"version-history":[{"count":1,"href":"http:\/\/bdv-rheinland-pfalz.de\/index.php?rest_route=\/wp\/v2\/posts\/139\/revisions"}],"predecessor-version":[{"id":142,"href":"http:\/\/bdv-rheinland-pfalz.de\/index.php?rest_route=\/wp\/v2\/posts\/139\/revisions\/142"}],"wp:attachment":[{"href":"http:\/\/bdv-rheinland-pfalz.de\/index.php?rest_route=%2Fwp%2Fv2%2Fmedia&parent=139"}],"wp:term":[{"taxonomy":"category","embeddable":true,"href":"http:\/\/bdv-rheinland-pfalz.de\/index.php?rest_route=%2Fwp%2Fv2%2Fcategories&post=139"},{"taxonomy":"post_tag","embeddable":true,"href":"http:\/\/bdv-rheinland-pfalz.de\/index.php?rest_route=%2Fwp%2Fv2%2Ftags&post=139"}],"curies":[{"name":"wp","href":"https:\/\/api.w.org\/{rel}","templated":true}]}}